{"id":4050,"date":"2024-09-26T20:01:02","date_gmt":"2024-09-26T18:01:02","guid":{"rendered":"https:\/\/www.comitebellecour.fr\/?post_type=cb_actualites&#038;p=4050"},"modified":"2024-10-03T21:49:45","modified_gmt":"2024-10-03T19:49:45","slug":"comite-bellecour-will-be-exhibiting-at-decorex-2024","status":"publish","type":"cb_actualites","link":"https:\/\/www.comitebellecour.fr\/en\/news\/comite-bellecour-en\/comite-bellecour-will-be-exhibiting-at-decorex-2024\/","title":{"rendered":"Comit\u00e9 Bellecour will be exhibiting at Decorex 2024"},"author":1,"featured_media":4102,"template":"","class_list":["post-4050","cb_actualites","type-cb_actualites","status-publish","has-post-thumbnail","hentry","cb_cat_actualites-comite-bellecour-en"],"acf":[],"yoast_head":"<!-- This site is optimized with the Yoast SEO plugin v27.5 - https:\/\/yoast.com\/product\/yoast-seo-wordpress\/ -->\n<title>Comit\u00e9 Bellecour will be exhibiting at Decorex 2024 - Comit\u00e9 Bellecour<\/title>\n<meta name=\"robots\" content=\"index, follow, max-snippet:-1, max-image-preview:large, max-video-preview:-1\" \/>\n<link rel=\"canonical\" href=\"https:\/\/www.comitebellecour.fr\/en\/news\/comite-bellecour-en\/comite-bellecour-will-be-exhibiting-at-decorex-2024\/\" \/>\n<meta property=\"og:locale\" content=\"en_US\" \/>\n<meta property=\"og:type\" content=\"article\" \/>\n<meta property=\"og:title\" content=\"Comit\u00e9 Bellecour will be exhibiting at Decorex 2024 - Comit\u00e9 Bellecour\" \/>\n<meta property=\"og:description\" content=\"[...]Read More... from Comit\u00e9 Bellecour will be exhibiting at Decorex 2024\" \/>\n<meta property=\"og:url\" content=\"https:\/\/www.comitebellecour.fr\/en\/news\/comite-bellecour-en\/comite-bellecour-will-be-exhibiting-at-decorex-2024\/\" \/>\n<meta property=\"og:site_name\" content=\"Comit\u00e9 Bellecour\" \/>\n<meta property=\"article:modified_time\" content=\"2024-10-03T19:49:45+00:00\" \/>\n<meta property=\"og:image\" content=\"https:\/\/www.comitebellecour.fr\/wp-content\/uploads\/2024\/09\/Comite_Bellecour_1-scaled.jpg\" \/>\n\t<meta property=\"og:image:width\" content=\"2560\" \/>\n\t<meta property=\"og:image:height\" content=\"1440\" \/>\n\t<meta property=\"og:image:type\" content=\"image\/jpeg\" \/>\n<meta name=\"twitter:card\" content=\"summary_large_image\" \/>\n<meta name=\"twitter:label1\" content=\"Est. reading time\" \/>\n\t<meta name=\"twitter:data1\" content=\"9 minutes\" \/>\n<script type=\"application\/ld+json\" class=\"yoast-schema-graph\">{\"@context\":\"https:\\\/\\\/schema.org\",\"@graph\":[{\"@type\":\"WebPage\",\"@id\":\"https:\\\/\\\/www.comitebellecour.fr\\\/en\\\/news\\\/comite-bellecour-en\\\/comite-bellecour-will-be-exhibiting-at-decorex-2024\\\/\",\"url\":\"https:\\\/\\\/www.comitebellecour.fr\\\/en\\\/news\\\/comite-bellecour-en\\\/comite-bellecour-will-be-exhibiting-at-decorex-2024\\\/\",\"name\":\"Comit\u00e9 Bellecour will be exhibiting at Decorex 2024 - Comit\u00e9 Bellecour\",\"isPartOf\":{\"@id\":\"https:\\\/\\\/www.comitebellecour.fr\\\/en\\\/#website\"},\"primaryImageOfPage\":{\"@id\":\"https:\\\/\\\/www.comitebellecour.fr\\\/en\\\/news\\\/comite-bellecour-en\\\/comite-bellecour-will-be-exhibiting-at-decorex-2024\\\/#primaryimage\"},\"image\":{\"@id\":\"https:\\\/\\\/www.comitebellecour.fr\\\/en\\\/news\\\/comite-bellecour-en\\\/comite-bellecour-will-be-exhibiting-at-decorex-2024\\\/#primaryimage\"},\"thumbnailUrl\":\"https:\\\/\\\/www.comitebellecour.fr\\\/wp-content\\\/uploads\\\/2024\\\/09\\\/Comite_Bellecour_1-scaled.jpg\",\"datePublished\":\"2024-09-26T18:01:02+00:00\",\"dateModified\":\"2024-10-03T19:49:45+00:00\",\"breadcrumb\":{\"@id\":\"https:\\\/\\\/www.comitebellecour.fr\\\/en\\\/news\\\/comite-bellecour-en\\\/comite-bellecour-will-be-exhibiting-at-decorex-2024\\\/#breadcrumb\"},\"inLanguage\":\"en-US\",\"potentialAction\":[{\"@type\":\"ReadAction\",\"target\":[\"https:\\\/\\\/www.comitebellecour.fr\\\/en\\\/news\\\/comite-bellecour-en\\\/comite-bellecour-will-be-exhibiting-at-decorex-2024\\\/\"]}]},{\"@type\":\"ImageObject\",\"inLanguage\":\"en-US\",\"@id\":\"https:\\\/\\\/www.comitebellecour.fr\\\/en\\\/news\\\/comite-bellecour-en\\\/comite-bellecour-will-be-exhibiting-at-decorex-2024\\\/#primaryimage\",\"url\":\"https:\\\/\\\/www.comitebellecour.fr\\\/wp-content\\\/uploads\\\/2024\\\/09\\\/Comite_Bellecour_1-scaled.jpg\",\"contentUrl\":\"https:\\\/\\\/www.comitebellecour.fr\\\/wp-content\\\/uploads\\\/2024\\\/09\\\/Comite_Bellecour_1-scaled.jpg\",\"width\":2560,\"height\":1440,\"caption\":\"{\\\"remix_data\\\":[],\\\"remix_entry_point\\\":\\\"challenges\\\",\\\"source_tags\\\":[\\\"local\\\"],\\\"origin\\\":\\\"unknown\\\",\\\"total_draw_time\\\":0,\\\"total_draw_actions\\\":0,\\\"layers_used\\\":0,\\\"brushes_used\\\":0,\\\"photos_added\\\":0,\\\"total_editor_actions\\\":{},\\\"tools_used\\\":{},\\\"is_sticker\\\":false,\\\"edited_since_last_sticker_save\\\":false,\\\"containsFTESticker\\\":false}\"},{\"@type\":\"BreadcrumbList\",\"@id\":\"https:\\\/\\\/www.comitebellecour.fr\\\/en\\\/news\\\/comite-bellecour-en\\\/comite-bellecour-will-be-exhibiting-at-decorex-2024\\\/#breadcrumb\",\"itemListElement\":[{\"@type\":\"ListItem\",\"position\":1,\"name\":\"Accueil\",\"item\":\"https:\\\/\\\/www.comitebellecour.fr\\\/en\\\/homepage\\\/\"},{\"@type\":\"ListItem\",\"position\":2,\"name\":\"News\",\"item\":\"https:\\\/\\\/www.comitebellecour.fr\\\/en\\\/actualites\\\/\"},{\"@type\":\"ListItem\",\"position\":3,\"name\":\"Comit\u00e9 Bellecour will be exhibiting at Decorex 2024\"}]},{\"@type\":\"WebSite\",\"@id\":\"https:\\\/\\\/www.comitebellecour.fr\\\/en\\\/#website\",\"url\":\"https:\\\/\\\/www.comitebellecour.fr\\\/en\\\/\",\"name\":\"Comit\u00e9 Bellecour\",\"description\":\"L&#039;art &amp; la mani\u00e8re\",\"publisher\":{\"@id\":\"https:\\\/\\\/www.comitebellecour.fr\\\/en\\\/#organization\"},\"potentialAction\":[{\"@type\":\"SearchAction\",\"target\":{\"@type\":\"EntryPoint\",\"urlTemplate\":\"https:\\\/\\\/www.comitebellecour.fr\\\/en\\\/?s={search_term_string}\"},\"query-input\":{\"@type\":\"PropertyValueSpecification\",\"valueRequired\":true,\"valueName\":\"search_term_string\"}}],\"inLanguage\":\"en-US\"},{\"@type\":\"Organization\",\"@id\":\"https:\\\/\\\/www.comitebellecour.fr\\\/en\\\/#organization\",\"name\":\"Comit\u00e9 Bellecour\",\"url\":\"https:\\\/\\\/www.comitebellecour.fr\\\/en\\\/\",\"logo\":{\"@type\":\"ImageObject\",\"inLanguage\":\"en-US\",\"@id\":\"https:\\\/\\\/www.comitebellecour.fr\\\/en\\\/#\\\/schema\\\/logo\\\/image\\\/\",\"url\":\"https:\\\/\\\/www.comitebellecour.fr\\\/wp-content\\\/uploads\\\/2022\\\/01\\\/Logo-Comite-Bellecour-secondary.png\",\"contentUrl\":\"https:\\\/\\\/www.comitebellecour.fr\\\/wp-content\\\/uploads\\\/2022\\\/01\\\/Logo-Comite-Bellecour-secondary.png\",\"width\":2345,\"height\":2667,\"caption\":\"Comit\u00e9 Bellecour\"},\"image\":{\"@id\":\"https:\\\/\\\/www.comitebellecour.fr\\\/en\\\/#\\\/schema\\\/logo\\\/image\\\/\"}}]}<\/script>\n<!-- \/ Yoast SEO plugin. -->","yoast_head_json":{"title":"Comit\u00e9 Bellecour will be exhibiting at Decorex 2024 - Comit\u00e9 Bellecour","robots":{"index":"index","follow":"follow","max-snippet":"max-snippet:-1","max-image-preview":"max-image-preview:large","max-video-preview":"max-video-preview:-1"},"canonical":"https:\/\/www.comitebellecour.fr\/en\/news\/comite-bellecour-en\/comite-bellecour-will-be-exhibiting-at-decorex-2024\/","og_locale":"en_US","og_type":"article","og_title":"Comit\u00e9 Bellecour will be exhibiting at Decorex 2024 - Comit\u00e9 Bellecour","og_description":"[...]Read More... from Comit\u00e9 Bellecour will be exhibiting at Decorex 2024","og_url":"https:\/\/www.comitebellecour.fr\/en\/news\/comite-bellecour-en\/comite-bellecour-will-be-exhibiting-at-decorex-2024\/","og_site_name":"Comit\u00e9 Bellecour","article_modified_time":"2024-10-03T19:49:45+00:00","og_image":[{"width":2560,"height":1440,"url":"https:\/\/www.comitebellecour.fr\/wp-content\/uploads\/2024\/09\/Comite_Bellecour_1-scaled.jpg","type":"image\/jpeg"}],"twitter_card":"summary_large_image","twitter_misc":{"Est. reading time":"9 minutes"},"schema":{"@context":"https:\/\/schema.org","@graph":[{"@type":"WebPage","@id":"https:\/\/www.comitebellecour.fr\/en\/news\/comite-bellecour-en\/comite-bellecour-will-be-exhibiting-at-decorex-2024\/","url":"https:\/\/www.comitebellecour.fr\/en\/news\/comite-bellecour-en\/comite-bellecour-will-be-exhibiting-at-decorex-2024\/","name":"Comit\u00e9 Bellecour will be exhibiting at Decorex 2024 - Comit\u00e9 Bellecour","isPartOf":{"@id":"https:\/\/www.comitebellecour.fr\/en\/#website"},"primaryImageOfPage":{"@id":"https:\/\/www.comitebellecour.fr\/en\/news\/comite-bellecour-en\/comite-bellecour-will-be-exhibiting-at-decorex-2024\/#primaryimage"},"image":{"@id":"https:\/\/www.comitebellecour.fr\/en\/news\/comite-bellecour-en\/comite-bellecour-will-be-exhibiting-at-decorex-2024\/#primaryimage"},"thumbnailUrl":"https:\/\/www.comitebellecour.fr\/wp-content\/uploads\/2024\/09\/Comite_Bellecour_1-scaled.jpg","datePublished":"2024-09-26T18:01:02+00:00","dateModified":"2024-10-03T19:49:45+00:00","breadcrumb":{"@id":"https:\/\/www.comitebellecour.fr\/en\/news\/comite-bellecour-en\/comite-bellecour-will-be-exhibiting-at-decorex-2024\/#breadcrumb"},"inLanguage":"en-US","potentialAction":[{"@type":"ReadAction","target":["https:\/\/www.comitebellecour.fr\/en\/news\/comite-bellecour-en\/comite-bellecour-will-be-exhibiting-at-decorex-2024\/"]}]},{"@type":"ImageObject","inLanguage":"en-US","@id":"https:\/\/www.comitebellecour.fr\/en\/news\/comite-bellecour-en\/comite-bellecour-will-be-exhibiting-at-decorex-2024\/#primaryimage","url":"https:\/\/www.comitebellecour.fr\/wp-content\/uploads\/2024\/09\/Comite_Bellecour_1-scaled.jpg","contentUrl":"https:\/\/www.comitebellecour.fr\/wp-content\/uploads\/2024\/09\/Comite_Bellecour_1-scaled.jpg","width":2560,"height":1440,"caption":"{\"remix_data\":[],\"remix_entry_point\":\"challenges\",\"source_tags\":[\"local\"],\"origin\":\"unknown\",\"total_draw_time\":0,\"total_draw_actions\":0,\"layers_used\":0,\"brushes_used\":0,\"photos_added\":0,\"total_editor_actions\":{},\"tools_used\":{},\"is_sticker\":false,\"edited_since_last_sticker_save\":false,\"containsFTESticker\":false}"},{"@type":"BreadcrumbList","@id":"https:\/\/www.comitebellecour.fr\/en\/news\/comite-bellecour-en\/comite-bellecour-will-be-exhibiting-at-decorex-2024\/#breadcrumb","itemListElement":[{"@type":"ListItem","position":1,"name":"Accueil","item":"https:\/\/www.comitebellecour.fr\/en\/homepage\/"},{"@type":"ListItem","position":2,"name":"News","item":"https:\/\/www.comitebellecour.fr\/en\/actualites\/"},{"@type":"ListItem","position":3,"name":"Comit\u00e9 Bellecour will be exhibiting at Decorex 2024"}]},{"@type":"WebSite","@id":"https:\/\/www.comitebellecour.fr\/en\/#website","url":"https:\/\/www.comitebellecour.fr\/en\/","name":"Comit\u00e9 Bellecour","description":"L&#039;art &amp; la mani\u00e8re","publisher":{"@id":"https:\/\/www.comitebellecour.fr\/en\/#organization"},"potentialAction":[{"@type":"SearchAction","target":{"@type":"EntryPoint","urlTemplate":"https:\/\/www.comitebellecour.fr\/en\/?s={search_term_string}"},"query-input":{"@type":"PropertyValueSpecification","valueRequired":true,"valueName":"search_term_string"}}],"inLanguage":"en-US"},{"@type":"Organization","@id":"https:\/\/www.comitebellecour.fr\/en\/#organization","name":"Comit\u00e9 Bellecour","url":"https:\/\/www.comitebellecour.fr\/en\/","logo":{"@type":"ImageObject","inLanguage":"en-US","@id":"https:\/\/www.comitebellecour.fr\/en\/#\/schema\/logo\/image\/","url":"https:\/\/www.comitebellecour.fr\/wp-content\/uploads\/2022\/01\/Logo-Comite-Bellecour-secondary.png","contentUrl":"https:\/\/www.comitebellecour.fr\/wp-content\/uploads\/2022\/01\/Logo-Comite-Bellecour-secondary.png","width":2345,"height":2667,"caption":"Comit\u00e9 Bellecour"},"image":{"@id":"https:\/\/www.comitebellecour.fr\/en\/#\/schema\/logo\/image\/"}}]}},"_links":{"self":[{"href":"https:\/\/www.comitebellecour.fr\/en\/wp-json\/wp\/v2\/cb_actualites\/4050","targetHints":{"allow":["GET"]}}],"collection":[{"href":"https:\/\/www.comitebellecour.fr\/en\/wp-json\/wp\/v2\/cb_actualites"}],"about":[{"href":"https:\/\/www.comitebellecour.fr\/en\/wp-json\/wp\/v2\/types\/cb_actualites"}],"author":[{"embeddable":true,"href":"https:\/\/www.comitebellecour.fr\/en\/wp-json\/wp\/v2\/users\/1"}],"wp:featuredmedia":[{"embeddable":true,"href":"https:\/\/www.comitebellecour.fr\/en\/wp-json\/wp\/v2\/media\/4102"}],"wp:attachment":[{"href":"https:\/\/www.comitebellecour.fr\/en\/wp-json\/wp\/v2\/media?parent=4050"}],"curies":[{"name":"wp","href":"https:\/\/api.w.org\/{rel}","templated":true}]}}